{"id":123449,"date":"2023-05-03T10:20:40","date_gmt":"2023-05-03T08:20:40","guid":{"rendered":"https:\/\/www.staffoniarredamenti.it\/2023\/05\/03\/salone-del-mobile-2023-die-besten-moebeltrends\/"},"modified":"2025-12-09T16:55:54","modified_gmt":"2025-12-09T15:55:54","slug":"salone-del-mobile-2023-die-besten-moebeltrends","status":"publish","type":"post","link":"https:\/\/www.staffoniarredamenti.it\/de\/2023\/05\/03\/salone-del-mobile-2023-die-besten-moebeltrends\/","title":{"rendered":"Salone del Mobile 2023: die besten M\u00f6beltrends"},"content":{"rendered":"<section class=\"wpb-content-wrapper\"><p>[vc_row row_height_percent=&#8220;0&#8243; override_padding=&#8220;yes&#8220; h_padding=&#8220;2&#8243; top_padding=&#8220;4&#8243; bottom_padding=&#8220;3&#8243; overlay_alpha=&#8220;100&#8243; gutter_size=&#8220;3&#8243; column_width_percent=&#8220;100&#8243; shift_y=&#8220;0&#8243; z_index=&#8220;0&#8243; row_height_use_pixel=&#8220;&#8220; uncode_shortcode_id=&#8220;168631&#8243;][vc_column column_width_use_pixel=&#8220;yes&#8220; gutter_size=&#8220;3&#8243; overlay_alpha=&#8220;50&#8243; shift_x=&#8220;0&#8243; shift_y=&#8220;0&#8243; medium_width=&#8220;0&#8243; zoom_width=&#8220;0&#8243; zoom_height=&#8220;0&#8243; column_width_pixel=&#8220;800&#8243;][vc_column_text uncode_shortcode_id=&#8220;110389&#8243;]<\/p>\n<p style=\"text-align: left;\">Der <strong>Salone del Mobile 2023<\/strong>, eine der wichtigsten Design- und Einrichtungsmessen der Welt, die wie jedes Jahr in Rho Fiera Milano stattfand, ist gerade zu Ende gegangen. Mehr als 2000 Aussteller und eine Vielzahl von Kollektionen haben es uns erm\u00f6glicht, die interessantesten Einrichtungstrends f\u00fcr das Jahr 2023 aufzusp\u00fcren:<\/p>\n<p style=\"text-align: left;\"><strong>1. LEBENDIGE FARBEN UND MUSTER<br \/>\n<\/strong>Das Leitmotiv vieler Kollektionen war zweifelsohne die Explosion der Farben. Im Gegensatz zu den Trends der letzten Jahre, bei denen der Minimalismus und damit klare Linien und neutrale Farben im Vordergrund standen, zeigte diese Ausgabe des Salone del Mobile eine gegenteilige Tendenz: kr\u00e4ftige Farben, Muster und Texturen standen im Mittelpunkt und verliehen jedem Raum Pers\u00f6nlichkeit und Originalit\u00e4t.<\/p>\n<p style=\"text-align: left;\">Die Farben, die im kommenden Jahr die Wohnraumszene dominieren <strong>werden<\/strong>, sind <strong>Gelb<\/strong>, <strong>Blau<\/strong>, <strong>Rot<\/strong>, <strong>Hellgr\u00fcn<\/strong> und <strong>Moosgr\u00fcn<\/strong>. Bei Sofas wird auch immer wieder Schwarz<strong> verwendet.<\/strong> Auch nat\u00fcrlichere Farben wie <strong>Terrakotta<\/strong> und <strong>Orange<\/strong> sind wieder im Kommen.<\/p>\n<p style=\"text-align: left;\">Erw\u00e4hnenswert ist die <strong>Cassina<\/strong>-Installation (kuratiert von Cassina-Kunstdirektorin Patricia Urquiola mit Federica Sala) auf dem Fuori Salone mit einer Garnitur in <strong>Rot<\/strong>, der Symbolfarbe der Marke, die das f\u00fcnfzigj\u00e4hrige <strong>Bestehen der iMaestri-Kollektion feiert.<\/strong><\/p>\n<p style=\"text-align: left;\"><strong>2. ABGERUNDETE FORMEN<br \/>\n<\/strong>Zu den Trends der Mail\u00e4nder Designwoche 2023 geh\u00f6ren weiche, abgerundete Formen, die eine beruhigende und umh\u00fcllende Wirkung haben und maximalen Komfort hervorrufen.<\/p>\n<p style=\"text-align: left;\">Sie sind die Protagonisten der Mail\u00e4nder Designwoche 2023 und finden sich in den Polsterm\u00f6belkollektionen, in Einrichtungsaccessoires wie Hocker, Couchtische oder Aufbewahrungsm\u00f6bel und -tische, skulpturale St\u00fccke mit abgerundeten Ecken.<\/p>\n<p style=\"text-align: left;\">Besonders hervorzuheben sind hier der neue <strong>Sessel Cinnamon<\/strong> von <strong>MolteniC<\/strong>, der von dem japanischen Designer Naoto Fukasawa entworfen wurde, und das <strong>Sofa Cloud<\/strong> von <strong>Gallotti und Radice<\/strong>, das auf dem Salone und dem Fuorisalone ausgestellt wurde.<\/p>\n<p style=\"text-align: left;\"><strong>3. INNOVATIVE UND NACHHALTIGE MATERIALIEN<br \/>\n<\/strong>Alle Exponate des Salone del Mobile und des Fuorisalone hatten einen gemeinsamen Nenner: das absolute Experimentieren mit Materialien. Wie jedes Jahr haben sich die Designer f\u00fcr eine immer nachhaltigere Produktion eingesetzt und dabei Tradition und Innovation miteinander verbunden.<\/p>\n<p style=\"text-align: left;\">Diese Ausgabe zeichnete sich durch zahlreiche Projekte aus, bei denen \u00f6kologische und nachhaltige Materialien verwendet wurden, wie z. B. M\u00f6bel aus recyceltem <strong>Holz<\/strong>, <strong>Bambus<\/strong> und <strong>Kork<\/strong>, aber auch mit Texturen, die denen von Marmor immer \u00e4hnlicher werden, zus\u00e4tzlich zur Verwendung von echtem <strong>Marmor<\/strong>.<\/p>\n<p style=\"text-align: left;\">Ein konkretes Beispiel daf\u00fcr ist der <strong>Tisch &#8222;Old Ford&#8220;<\/strong>, der das Engagement von <strong>MolteniC<\/strong> f\u00fcr \u00c4sthetik, Funktionalit\u00e4t und technische Innovation verk\u00f6rpert, sowie die Ausstellung von <strong>Maxalto<\/strong> auf dem Salone mit einer Reihe von unterschiedlichen Umgebungen, die durch hohe, leuchtende W\u00e4nde aus Reispapier, in denen die ikonischsten Produkte der Marke mit wertvollen Objekten und Kunstwerken in Dialog treten, au\u00dfergew\u00f6hnlich sind.<\/p>\n<p style=\"text-align: left;\"><strong>4. INTEGRIERTE BELEUCHTUNG<br \/>\n<\/strong> Ein wiederkehrender Trend bei den von <strong>MolteniC<\/strong> und zahlreichen anderen Marken auf dem Salone und Fuorisalone ausgestellten Produkten ist die <strong>integrierte Beleuchtung<\/strong>.<br \/>\nDie Beleuchtung, die den Umfang des M\u00f6belst\u00fccks oder auch nur ein Detail davon hervorhebt, verbindet den ekstatischen Faktor mit Funktionalit\u00e4t und Technologie.<\/p>\n<p style=\"text-align: left;\">Das Licht wird allm\u00e4hlich zu einem immer pr\u00e4senteren Accessoire in der Welt der Wohnsysteme, der ausgestatteten W\u00e4nde, der begehbaren Schr\u00e4nke und Garderoben, der Regale, Ablagen und Bettk\u00f6pfe.<\/p>\n<p style=\"text-align: left;\"><strong>5. VITRINEN UND SIDEBOARDS <\/strong><br \/>\nEin weiterer erw\u00e4hnenswerter Trend sind die <strong>Aufbewahrungsm\u00f6bel<\/strong>, die neben der Funktion des Aufbewahrens auch immer mehr die Funktion des <strong>Ausstellens<\/strong> erf\u00fcllen <strong>m\u00fcssen<\/strong>.<br \/>\nSo werden Schr\u00e4nke und Sideboards zu echten Ausstellungsst\u00fccken mit Glast\u00fcren, die hinterleuchtete Hohlr\u00e4ume, R\u00fcckw\u00e4nde und Seiten aus verschiedenen Materialien zeigen.<\/p>\n<p><strong>6. MODULARES DESIGN<\/strong><br \/>\nAbschlie\u00dfend l\u00e4sst sich sagen, dass der Salone del Mobile 2023 eine Explosion des modularen Designs erlebte. Esso si concentra sulla flessibilit\u00e0 e sulla personalizzazione, offrendo soluzioni di arredamento personalizzato per spazi di qualsiasi dimensione e adattabile alle esigenze dell\u2019utente, permettendo di creare spazi versatili e funzionali che si adattano alle necessit\u00e0 di chi li vive. <br \/>Der Schwerpunkt liegt auf <strong>Flexibilit\u00e4t<\/strong> und <strong>Individualisierung<\/strong> und bietet <strong>ma\u00dfgeschneiderte Einrichtungsl\u00f6sungen<\/strong> f\u00fcr R\u00e4ume jeder Gr\u00f6\u00dfe, die an die Bed\u00fcrfnisse des Benutzers angepasst werden k\u00f6nnen, sodass Sie vielseitige und funktionale R\u00e4ume <strong>schaffen k\u00f6nnen<\/strong>, die sich an die <strong>Bed\u00fcrfnisse<\/strong> der dort lebenden Personen anpassen.[\/vc_column_text][\/vc_column][\/vc_row]<\/p>\n<\/section>","protected":false},"excerpt":{"rendered":"<p>Der Salone del Mobile 2023, eine der wichtigsten Design- und Einrichtungsmessen der Welt, die wie jedes Jahr in Rho Fiera Milano stattfand, ist gerade zu Ende gegangen.<\/p>\n","protected":false},"author":3,"featured_media":118412,"comment_status":"closed","ping_status":"open","sticky":false,"template":"","format":"standard","meta":{"footnotes":""},"categories":[318,319,320],"tags":[],"class_list":["post-123449","post","type-post","status-publish","format-standard","has-post-thumbnail","hentry","category-blog-de","category-interior-design-de","category-trend-de"],"yoast_head":"<!-- This site is optimized with the Yoast SEO plugin v26.3 - https:\/\/yoast.com\/wordpress\/plugins\/seo\/ -->\n<title>Salone del Mobile 2023: die besten M\u00f6beltrends - Staffoni Arredamenti<\/title>\n<meta name=\"robots\" content=\"index, follow, max-snippet:-1, max-image-preview:large, max-video-preview:-1\" \/>\n<link rel=\"canonical\" href=\"https:\/\/www.staffoniarredamenti.it\/de\/2023\/05\/03\/salone-del-mobile-2023-die-besten-moebeltrends\/\" \/>\n<meta property=\"og:locale\" content=\"de_DE\" \/>\n<meta property=\"og:type\" content=\"article\" \/>\n<meta property=\"og:title\" content=\"Salone del Mobile 2023: die besten M\u00f6beltrends - Staffoni Arredamenti\" \/>\n<meta property=\"og:description\" content=\"Der Salone del Mobile 2023, eine der wichtigsten Design- und Einrichtungsmessen der Welt, die wie jedes Jahr in Rho Fiera Milano stattfand, ist gerade zu Ende gegangen.\" \/>\n<meta property=\"og:url\" content=\"https:\/\/www.staffoniarredamenti.it\/de\/2023\/05\/03\/salone-del-mobile-2023-die-besten-moebeltrends\/\" \/>\n<meta property=\"og:site_name\" content=\"Staffoni Arredamenti\" \/>\n<meta property=\"article:published_time\" content=\"2023-05-03T08:20:40+00:00\" \/>\n<meta property=\"article:modified_time\" content=\"2025-12-09T15:55:54+00:00\" \/>\n<meta property=\"og:image\" content=\"http:\/\/www.staffoniarredamenti.it\/wp-content\/uploads\/2023\/07\/Salone-del-Mobile-2023-i-migliori-trend-arredo-1-scaled-1.jpeg\" \/>\n\t<meta property=\"og:image:width\" content=\"1920\" \/>\n\t<meta property=\"og:image:height\" content=\"1080\" \/>\n\t<meta property=\"og:image:type\" content=\"image\/jpeg\" \/>\n<meta name=\"author\" content=\"developer\" \/>\n<meta name=\"twitter:card\" content=\"summary_large_image\" \/>\n<meta name=\"twitter:label1\" content=\"Verfasst von\" \/>\n\t<meta name=\"twitter:data1\" content=\"developer\" \/>\n\t<meta name=\"twitter:label2\" content=\"Gesch\u00e4tzte Lesezeit\" \/>\n\t<meta name=\"twitter:data2\" content=\"4\u00a0Minuten\" \/>\n<script type=\"application\/ld+json\" class=\"yoast-schema-graph\">{\"@context\":\"https:\/\/schema.org\",\"@graph\":[{\"@type\":\"WebPage\",\"@id\":\"https:\/\/www.staffoniarredamenti.it\/de\/2023\/05\/03\/salone-del-mobile-2023-die-besten-moebeltrends\/\",\"url\":\"https:\/\/www.staffoniarredamenti.it\/de\/2023\/05\/03\/salone-del-mobile-2023-die-besten-moebeltrends\/\",\"name\":\"Salone del Mobile 2023: die besten M\u00f6beltrends - Staffoni Arredamenti\",\"isPartOf\":{\"@id\":\"https:\/\/www.staffoniarredamenti.it\/de\/#website\"},\"primaryImageOfPage\":{\"@id\":\"https:\/\/www.staffoniarredamenti.it\/de\/2023\/05\/03\/salone-del-mobile-2023-die-besten-moebeltrends\/#primaryimage\"},\"image\":{\"@id\":\"https:\/\/www.staffoniarredamenti.it\/de\/2023\/05\/03\/salone-del-mobile-2023-die-besten-moebeltrends\/#primaryimage\"},\"thumbnailUrl\":\"https:\/\/www.staffoniarredamenti.it\/wp-content\/uploads\/2023\/07\/Salone-del-Mobile-2023-i-migliori-trend-arredo-1-scaled-1.jpeg\",\"datePublished\":\"2023-05-03T08:20:40+00:00\",\"dateModified\":\"2025-12-09T15:55:54+00:00\",\"author\":{\"@id\":\"https:\/\/www.staffoniarredamenti.it\/de\/#\/schema\/person\/9843277f0507793dd6c8c8c2f0dfe5ff\"},\"breadcrumb\":{\"@id\":\"https:\/\/www.staffoniarredamenti.it\/de\/2023\/05\/03\/salone-del-mobile-2023-die-besten-moebeltrends\/#breadcrumb\"},\"inLanguage\":\"de\",\"potentialAction\":[{\"@type\":\"ReadAction\",\"target\":[\"https:\/\/www.staffoniarredamenti.it\/de\/2023\/05\/03\/salone-del-mobile-2023-die-besten-moebeltrends\/\"]}]},{\"@type\":\"ImageObject\",\"inLanguage\":\"de\",\"@id\":\"https:\/\/www.staffoniarredamenti.it\/de\/2023\/05\/03\/salone-del-mobile-2023-die-besten-moebeltrends\/#primaryimage\",\"url\":\"https:\/\/www.staffoniarredamenti.it\/wp-content\/uploads\/2023\/07\/Salone-del-Mobile-2023-i-migliori-trend-arredo-1-scaled-1.jpeg\",\"contentUrl\":\"https:\/\/www.staffoniarredamenti.it\/wp-content\/uploads\/2023\/07\/Salone-del-Mobile-2023-i-migliori-trend-arredo-1-scaled-1.jpeg\",\"width\":1920,\"height\":1080},{\"@type\":\"BreadcrumbList\",\"@id\":\"https:\/\/www.staffoniarredamenti.it\/de\/2023\/05\/03\/salone-del-mobile-2023-die-besten-moebeltrends\/#breadcrumb\",\"itemListElement\":[{\"@type\":\"ListItem\",\"position\":1,\"name\":\"Home\",\"item\":\"https:\/\/www.staffoniarredamenti.it\/de\/home\/\"},{\"@type\":\"ListItem\",\"position\":2,\"name\":\"Salone del Mobile 2023: die besten M\u00f6beltrends\"}]},{\"@type\":\"WebSite\",\"@id\":\"https:\/\/www.staffoniarredamenti.it\/de\/#website\",\"url\":\"https:\/\/www.staffoniarredamenti.it\/de\/\",\"name\":\"Staffoni Arredamenti\",\"description\":\"Showroom mobili di design\",\"potentialAction\":[{\"@type\":\"SearchAction\",\"target\":{\"@type\":\"EntryPoint\",\"urlTemplate\":\"https:\/\/www.staffoniarredamenti.it\/de\/?s={search_term_string}\"},\"query-input\":{\"@type\":\"PropertyValueSpecification\",\"valueRequired\":true,\"valueName\":\"search_term_string\"}}],\"inLanguage\":\"de\"},{\"@type\":\"Person\",\"@id\":\"https:\/\/www.staffoniarredamenti.it\/de\/#\/schema\/person\/9843277f0507793dd6c8c8c2f0dfe5ff\",\"name\":\"developer\",\"image\":{\"@type\":\"ImageObject\",\"inLanguage\":\"de\",\"@id\":\"https:\/\/www.staffoniarredamenti.it\/de\/#\/schema\/person\/image\/\",\"url\":\"https:\/\/secure.gravatar.com\/avatar\/6bd04f16073656c761aba38369ed19f5e37469f80830d6a0f4d09b97074dc853?s=96&d=mm&r=g\",\"contentUrl\":\"https:\/\/secure.gravatar.com\/avatar\/6bd04f16073656c761aba38369ed19f5e37469f80830d6a0f4d09b97074dc853?s=96&d=mm&r=g\",\"caption\":\"developer\"}}]}<\/script>\n<!-- \/ Yoast SEO plugin. -->","yoast_head_json":{"title":"Salone del Mobile 2023: die besten M\u00f6beltrends - Staffoni Arredamenti","robots":{"index":"index","follow":"follow","max-snippet":"max-snippet:-1","max-image-preview":"max-image-preview:large","max-video-preview":"max-video-preview:-1"},"canonical":"https:\/\/www.staffoniarredamenti.it\/de\/2023\/05\/03\/salone-del-mobile-2023-die-besten-moebeltrends\/","og_locale":"de_DE","og_type":"article","og_title":"Salone del Mobile 2023: die besten M\u00f6beltrends - Staffoni Arredamenti","og_description":"Der Salone del Mobile 2023, eine der wichtigsten Design- und Einrichtungsmessen der Welt, die wie jedes Jahr in Rho Fiera Milano stattfand, ist gerade zu Ende gegangen.","og_url":"https:\/\/www.staffoniarredamenti.it\/de\/2023\/05\/03\/salone-del-mobile-2023-die-besten-moebeltrends\/","og_site_name":"Staffoni Arredamenti","article_published_time":"2023-05-03T08:20:40+00:00","article_modified_time":"2025-12-09T15:55:54+00:00","og_image":[{"width":1920,"height":1080,"url":"http:\/\/www.staffoniarredamenti.it\/wp-content\/uploads\/2023\/07\/Salone-del-Mobile-2023-i-migliori-trend-arredo-1-scaled-1.jpeg","type":"image\/jpeg"}],"author":"developer","twitter_card":"summary_large_image","twitter_misc":{"Verfasst von":"developer","Gesch\u00e4tzte Lesezeit":"4\u00a0Minuten"},"schema":{"@context":"https:\/\/schema.org","@graph":[{"@type":"WebPage","@id":"https:\/\/www.staffoniarredamenti.it\/de\/2023\/05\/03\/salone-del-mobile-2023-die-besten-moebeltrends\/","url":"https:\/\/www.staffoniarredamenti.it\/de\/2023\/05\/03\/salone-del-mobile-2023-die-besten-moebeltrends\/","name":"Salone del Mobile 2023: die besten M\u00f6beltrends - Staffoni Arredamenti","isPartOf":{"@id":"https:\/\/www.staffoniarredamenti.it\/de\/#website"},"primaryImageOfPage":{"@id":"https:\/\/www.staffoniarredamenti.it\/de\/2023\/05\/03\/salone-del-mobile-2023-die-besten-moebeltrends\/#primaryimage"},"image":{"@id":"https:\/\/www.staffoniarredamenti.it\/de\/2023\/05\/03\/salone-del-mobile-2023-die-besten-moebeltrends\/#primaryimage"},"thumbnailUrl":"https:\/\/www.staffoniarredamenti.it\/wp-content\/uploads\/2023\/07\/Salone-del-Mobile-2023-i-migliori-trend-arredo-1-scaled-1.jpeg","datePublished":"2023-05-03T08:20:40+00:00","dateModified":"2025-12-09T15:55:54+00:00","author":{"@id":"https:\/\/www.staffoniarredamenti.it\/de\/#\/schema\/person\/9843277f0507793dd6c8c8c2f0dfe5ff"},"breadcrumb":{"@id":"https:\/\/www.staffoniarredamenti.it\/de\/2023\/05\/03\/salone-del-mobile-2023-die-besten-moebeltrends\/#breadcrumb"},"inLanguage":"de","potentialAction":[{"@type":"ReadAction","target":["https:\/\/www.staffoniarredamenti.it\/de\/2023\/05\/03\/salone-del-mobile-2023-die-besten-moebeltrends\/"]}]},{"@type":"ImageObject","inLanguage":"de","@id":"https:\/\/www.staffoniarredamenti.it\/de\/2023\/05\/03\/salone-del-mobile-2023-die-besten-moebeltrends\/#primaryimage","url":"https:\/\/www.staffoniarredamenti.it\/wp-content\/uploads\/2023\/07\/Salone-del-Mobile-2023-i-migliori-trend-arredo-1-scaled-1.jpeg","contentUrl":"https:\/\/www.staffoniarredamenti.it\/wp-content\/uploads\/2023\/07\/Salone-del-Mobile-2023-i-migliori-trend-arredo-1-scaled-1.jpeg","width":1920,"height":1080},{"@type":"BreadcrumbList","@id":"https:\/\/www.staffoniarredamenti.it\/de\/2023\/05\/03\/salone-del-mobile-2023-die-besten-moebeltrends\/#breadcrumb","itemListElement":[{"@type":"ListItem","position":1,"name":"Home","item":"https:\/\/www.staffoniarredamenti.it\/de\/home\/"},{"@type":"ListItem","position":2,"name":"Salone del Mobile 2023: die besten M\u00f6beltrends"}]},{"@type":"WebSite","@id":"https:\/\/www.staffoniarredamenti.it\/de\/#website","url":"https:\/\/www.staffoniarredamenti.it\/de\/","name":"Staffoni Arredamenti","description":"Showroom mobili di design","potentialAction":[{"@type":"SearchAction","target":{"@type":"EntryPoint","urlTemplate":"https:\/\/www.staffoniarredamenti.it\/de\/?s={search_term_string}"},"query-input":{"@type":"PropertyValueSpecification","valueRequired":true,"valueName":"search_term_string"}}],"inLanguage":"de"},{"@type":"Person","@id":"https:\/\/www.staffoniarredamenti.it\/de\/#\/schema\/person\/9843277f0507793dd6c8c8c2f0dfe5ff","name":"developer","image":{"@type":"ImageObject","inLanguage":"de","@id":"https:\/\/www.staffoniarredamenti.it\/de\/#\/schema\/person\/image\/","url":"https:\/\/secure.gravatar.com\/avatar\/6bd04f16073656c761aba38369ed19f5e37469f80830d6a0f4d09b97074dc853?s=96&d=mm&r=g","contentUrl":"https:\/\/secure.gravatar.com\/avatar\/6bd04f16073656c761aba38369ed19f5e37469f80830d6a0f4d09b97074dc853?s=96&d=mm&r=g","caption":"developer"}}]}},"_links":{"self":[{"href":"https:\/\/www.staffoniarredamenti.it\/de\/wp-json\/wp\/v2\/posts\/123449","targetHints":{"allow":["GET"]}}],"collection":[{"href":"https:\/\/www.staffoniarredamenti.it\/de\/wp-json\/wp\/v2\/posts"}],"about":[{"href":"https:\/\/www.staffoniarredamenti.it\/de\/wp-json\/wp\/v2\/types\/post"}],"author":[{"embeddable":true,"href":"https:\/\/www.staffoniarredamenti.it\/de\/wp-json\/wp\/v2\/users\/3"}],"replies":[{"embeddable":true,"href":"https:\/\/www.staffoniarredamenti.it\/de\/wp-json\/wp\/v2\/comments?post=123449"}],"version-history":[{"count":2,"href":"https:\/\/www.staffoniarredamenti.it\/de\/wp-json\/wp\/v2\/posts\/123449\/revisions"}],"predecessor-version":[{"id":123451,"href":"https:\/\/www.staffoniarredamenti.it\/de\/wp-json\/wp\/v2\/posts\/123449\/revisions\/123451"}],"wp:featuredmedia":[{"embeddable":true,"href":"https:\/\/www.staffoniarredamenti.it\/de\/wp-json\/wp\/v2\/media\/118412"}],"wp:attachment":[{"href":"https:\/\/www.staffoniarredamenti.it\/de\/wp-json\/wp\/v2\/media?parent=123449"}],"wp:term":[{"taxonomy":"category","embeddable":true,"href":"https:\/\/www.staffoniarredamenti.it\/de\/wp-json\/wp\/v2\/categories?post=123449"},{"taxonomy":"post_tag","embeddable":true,"href":"https:\/\/www.staffoniarredamenti.it\/de\/wp-json\/wp\/v2\/tags?post=123449"}],"curies":[{"name":"wp","href":"https:\/\/api.w.org\/{rel}","templated":true}]}}